{"id":824,"date":"2014-02-20T18:34:28","date_gmt":"2014-02-20T17:34:28","guid":{"rendered":"http:\/\/www.omstrap.it\/?p=824"},"modified":"2025-02-27T15:38:14","modified_gmt":"2025-02-27T14:38:14","slug":"dusseldorf-interpack-2","status":"publish","type":"post","link":"https:\/\/www.omstrap.it\/de\/dusseldorf-interpack-2\/","title":{"rendered":"Dusseldorf &#8211; Interpack"},"content":{"rendered":"<p>Omstrap wird auf der <a title=\"interpack\" href=\"http:\/\/www.interpack-tradefair.it\/\" target=\"_blank\">Interpack<\/a>, der weltweit f\u00fchrenden Fachmesse f\u00fcr die Verpackungsindustrie ausstellen.<br \/>\nDie Messe findet in D\u00fcsseldorf vom 8. bis 14. Mai 2014 statt.<br \/>\nWir freuen uns, Sie auf unserem Messestand, in <strong>Halle 7, Stand 70 B 23 zu begr\u00fc\u00dfen.<\/strong><\/p>\n","protected":false},"excerpt":{"rendered":"<p>Omstrap wird auf der Interpack, der weltweit f\u00fchrenden Fachmesse f\u00fcr [&hellip;]<\/p>\n","protected":false},"author":4,"featured_media":1130,"comment_status":"closed","ping_status":"closed","sticky":false,"template":"","format":"standard","meta":{"footnotes":""},"categories":[71],"tags":[],"class_list":["post-824","post","type-post","status-publish","format-standard","has-post-thumbnail","hentry","category-news-und-presse"],"yoast_head":"<!-- This site is optimized with the Yoast SEO plugin v27.5 - https:\/\/yoast.com\/product\/yoast-seo-wordpress\/ -->\n<title>Dusseldorf - Interpack - OMS Trap<\/title>\n<meta name=\"description\" content=\"Omstrap wird auf der Interpack, der weltweit f\u00fchrenden Fachmesse f\u00fcr die Verpackungsindustrie ausstellen. Die Messe findet in D\u00fcsseldorf vom 8. bis 14. Pagina 1, leggi tutto sul sito di OMSTRAP (Pagina 1).\" \/>\n<meta name=\"robots\" content=\"index, follow, max-snippet:-1, max-image-preview:large, max-video-preview:-1\" \/>\n<link rel=\"canonical\" href=\"https:\/\/www.omstrap.it\/de\/dusseldorf-interpack-2\/\" \/>\n<meta property=\"og:locale\" content=\"de_DE\" \/>\n<meta property=\"og:type\" content=\"article\" \/>\n<meta property=\"og:title\" content=\"Dusseldorf - Interpack - OMS Trap\" \/>\n<meta property=\"og:description\" content=\"Omstrap wird auf der Interpack, der weltweit f\u00fchrenden Fachmesse f\u00fcr die Verpackungsindustrie ausstellen. Die Messe findet in D\u00fcsseldorf vom 8. bis 14. Pagina 1, leggi tutto sul sito di OMSTRAP (Pagina 1).\" \/>\n<meta property=\"og:url\" content=\"https:\/\/www.omstrap.it\/de\/dusseldorf-interpack-2\/\" \/>\n<meta property=\"og:site_name\" content=\"OMS Trap\" \/>\n<meta property=\"article:published_time\" content=\"2014-02-20T17:34:28+00:00\" \/>\n<meta property=\"article:modified_time\" content=\"2025-02-27T14:38:14+00:00\" \/>\n<meta property=\"og:image\" content=\"https:\/\/www.omstrap.it\/wp-content\/uploads\/interpack_01_01_OH.jpg\" \/>\n\t<meta property=\"og:image:width\" content=\"600\" \/>\n\t<meta property=\"og:image:height\" content=\"350\" \/>\n\t<meta property=\"og:image:type\" content=\"image\/jpeg\" \/>\n<meta name=\"author\" content=\"colorart\" \/>\n<meta name=\"twitter:label1\" content=\"Verfasst von\" \/>\n\t<meta name=\"twitter:data1\" content=\"colorart\" \/>\n<script type=\"application\/ld+json\" class=\"yoast-schema-graph\">{\"@context\":\"https:\\\/\\\/schema.org\",\"@graph\":[{\"@type\":\"Article\",\"@id\":\"https:\\\/\\\/www.omstrap.it\\\/de\\\/dusseldorf-interpack-2\\\/#article\",\"isPartOf\":{\"@id\":\"https:\\\/\\\/www.omstrap.it\\\/de\\\/dusseldorf-interpack-2\\\/\"},\"author\":{\"name\":\"colorart\",\"@id\":\"https:\\\/\\\/www.omstrap.it\\\/#\\\/schema\\\/person\\\/13e542fbf9e471fbc40a9a490ed2849c\"},\"headline\":\"Dusseldorf &#8211; Interpack\",\"datePublished\":\"2014-02-20T17:34:28+00:00\",\"dateModified\":\"2025-02-27T14:38:14+00:00\",\"mainEntityOfPage\":{\"@id\":\"https:\\\/\\\/www.omstrap.it\\\/de\\\/dusseldorf-interpack-2\\\/\"},\"wordCount\":42,\"image\":{\"@id\":\"https:\\\/\\\/www.omstrap.it\\\/de\\\/dusseldorf-interpack-2\\\/#primaryimage\"},\"thumbnailUrl\":\"https:\\\/\\\/www.omstrap.it\\\/wp-content\\\/uploads\\\/interpack_01_01_OH.jpg\",\"articleSection\":[\"News und Presse\"],\"inLanguage\":\"de\"},{\"@type\":\"WebPage\",\"@id\":\"https:\\\/\\\/www.omstrap.it\\\/de\\\/dusseldorf-interpack-2\\\/\",\"url\":\"https:\\\/\\\/www.omstrap.it\\\/de\\\/dusseldorf-interpack-2\\\/\",\"name\":\"Dusseldorf - Interpack - OMS Trap\",\"isPartOf\":{\"@id\":\"https:\\\/\\\/www.omstrap.it\\\/#website\"},\"primaryImageOfPage\":{\"@id\":\"https:\\\/\\\/www.omstrap.it\\\/de\\\/dusseldorf-interpack-2\\\/#primaryimage\"},\"image\":{\"@id\":\"https:\\\/\\\/www.omstrap.it\\\/de\\\/dusseldorf-interpack-2\\\/#primaryimage\"},\"thumbnailUrl\":\"https:\\\/\\\/www.omstrap.it\\\/wp-content\\\/uploads\\\/interpack_01_01_OH.jpg\",\"datePublished\":\"2014-02-20T17:34:28+00:00\",\"dateModified\":\"2025-02-27T14:38:14+00:00\",\"author\":{\"@id\":\"https:\\\/\\\/www.omstrap.it\\\/#\\\/schema\\\/person\\\/13e542fbf9e471fbc40a9a490ed2849c\"},\"description\":\"Omstrap wird auf der Interpack, der weltweit f\u00fchrenden Fachmesse f\u00fcr die Verpackungsindustrie ausstellen. Die Messe findet in D\u00fcsseldorf vom 8. bis 14. Pagina 1, leggi tutto sul sito di OMSTRAP (Pagina 1).\",\"breadcrumb\":{\"@id\":\"https:\\\/\\\/www.omstrap.it\\\/de\\\/dusseldorf-interpack-2\\\/#breadcrumb\"},\"inLanguage\":\"de\",\"potentialAction\":[{\"@type\":\"ReadAction\",\"target\":[\"https:\\\/\\\/www.omstrap.it\\\/de\\\/dusseldorf-interpack-2\\\/\"]}]},{\"@type\":\"ImageObject\",\"inLanguage\":\"de\",\"@id\":\"https:\\\/\\\/www.omstrap.it\\\/de\\\/dusseldorf-interpack-2\\\/#primaryimage\",\"url\":\"https:\\\/\\\/www.omstrap.it\\\/wp-content\\\/uploads\\\/interpack_01_01_OH.jpg\",\"contentUrl\":\"https:\\\/\\\/www.omstrap.it\\\/wp-content\\\/uploads\\\/interpack_01_01_OH.jpg\",\"width\":600,\"height\":350},{\"@type\":\"BreadcrumbList\",\"@id\":\"https:\\\/\\\/www.omstrap.it\\\/de\\\/dusseldorf-interpack-2\\\/#breadcrumb\",\"itemListElement\":[{\"@type\":\"ListItem\",\"position\":1,\"name\":\"Home\",\"item\":\"https:\\\/\\\/www.omstrap.it\\\/\"},{\"@type\":\"ListItem\",\"position\":2,\"name\":\"Dusseldorf &#8211; Interpack\"}]},{\"@type\":\"WebSite\",\"@id\":\"https:\\\/\\\/www.omstrap.it\\\/#website\",\"url\":\"https:\\\/\\\/www.omstrap.it\\\/\",\"name\":\"OMS Trap\",\"description\":\"\",\"potentialAction\":[{\"@type\":\"SearchAction\",\"target\":{\"@type\":\"EntryPoint\",\"urlTemplate\":\"https:\\\/\\\/www.omstrap.it\\\/?s={search_term_string}\"},\"query-input\":{\"@type\":\"PropertyValueSpecification\",\"valueRequired\":true,\"valueName\":\"search_term_string\"}}],\"inLanguage\":\"de\"},{\"@type\":\"Person\",\"@id\":\"https:\\\/\\\/www.omstrap.it\\\/#\\\/schema\\\/person\\\/13e542fbf9e471fbc40a9a490ed2849c\",\"name\":\"colorart\"}]}<\/script>\n<!-- \/ Yoast SEO plugin. -->","yoast_head_json":{"title":"Dusseldorf - Interpack - OMS Trap","description":"Omstrap wird auf der Interpack, der weltweit f\u00fchrenden Fachmesse f\u00fcr die Verpackungsindustrie ausstellen. Die Messe findet in D\u00fcsseldorf vom 8. bis 14. Pagina 1, leggi tutto sul sito di OMSTRAP (Pagina 1).","robots":{"index":"index","follow":"follow","max-snippet":"max-snippet:-1","max-image-preview":"max-image-preview:large","max-video-preview":"max-video-preview:-1"},"canonical":"https:\/\/www.omstrap.it\/de\/dusseldorf-interpack-2\/","og_locale":"de_DE","og_type":"article","og_title":"Dusseldorf - Interpack - OMS Trap","og_description":"Omstrap wird auf der Interpack, der weltweit f\u00fchrenden Fachmesse f\u00fcr die Verpackungsindustrie ausstellen. Die Messe findet in D\u00fcsseldorf vom 8. bis 14. Pagina 1, leggi tutto sul sito di OMSTRAP (Pagina 1).","og_url":"https:\/\/www.omstrap.it\/de\/dusseldorf-interpack-2\/","og_site_name":"OMS Trap","article_published_time":"2014-02-20T17:34:28+00:00","article_modified_time":"2025-02-27T14:38:14+00:00","og_image":[{"width":600,"height":350,"url":"https:\/\/www.omstrap.it\/wp-content\/uploads\/interpack_01_01_OH.jpg","type":"image\/jpeg"}],"author":"colorart","twitter_misc":{"Verfasst von":"colorart"},"schema":{"@context":"https:\/\/schema.org","@graph":[{"@type":"Article","@id":"https:\/\/www.omstrap.it\/de\/dusseldorf-interpack-2\/#article","isPartOf":{"@id":"https:\/\/www.omstrap.it\/de\/dusseldorf-interpack-2\/"},"author":{"name":"colorart","@id":"https:\/\/www.omstrap.it\/#\/schema\/person\/13e542fbf9e471fbc40a9a490ed2849c"},"headline":"Dusseldorf &#8211; Interpack","datePublished":"2014-02-20T17:34:28+00:00","dateModified":"2025-02-27T14:38:14+00:00","mainEntityOfPage":{"@id":"https:\/\/www.omstrap.it\/de\/dusseldorf-interpack-2\/"},"wordCount":42,"image":{"@id":"https:\/\/www.omstrap.it\/de\/dusseldorf-interpack-2\/#primaryimage"},"thumbnailUrl":"https:\/\/www.omstrap.it\/wp-content\/uploads\/interpack_01_01_OH.jpg","articleSection":["News und Presse"],"inLanguage":"de"},{"@type":"WebPage","@id":"https:\/\/www.omstrap.it\/de\/dusseldorf-interpack-2\/","url":"https:\/\/www.omstrap.it\/de\/dusseldorf-interpack-2\/","name":"Dusseldorf - Interpack - OMS Trap","isPartOf":{"@id":"https:\/\/www.omstrap.it\/#website"},"primaryImageOfPage":{"@id":"https:\/\/www.omstrap.it\/de\/dusseldorf-interpack-2\/#primaryimage"},"image":{"@id":"https:\/\/www.omstrap.it\/de\/dusseldorf-interpack-2\/#primaryimage"},"thumbnailUrl":"https:\/\/www.omstrap.it\/wp-content\/uploads\/interpack_01_01_OH.jpg","datePublished":"2014-02-20T17:34:28+00:00","dateModified":"2025-02-27T14:38:14+00:00","author":{"@id":"https:\/\/www.omstrap.it\/#\/schema\/person\/13e542fbf9e471fbc40a9a490ed2849c"},"description":"Omstrap wird auf der Interpack, der weltweit f\u00fchrenden Fachmesse f\u00fcr die Verpackungsindustrie ausstellen. Die Messe findet in D\u00fcsseldorf vom 8. bis 14. Pagina 1, leggi tutto sul sito di OMSTRAP (Pagina 1).","breadcrumb":{"@id":"https:\/\/www.omstrap.it\/de\/dusseldorf-interpack-2\/#breadcrumb"},"inLanguage":"de","potentialAction":[{"@type":"ReadAction","target":["https:\/\/www.omstrap.it\/de\/dusseldorf-interpack-2\/"]}]},{"@type":"ImageObject","inLanguage":"de","@id":"https:\/\/www.omstrap.it\/de\/dusseldorf-interpack-2\/#primaryimage","url":"https:\/\/www.omstrap.it\/wp-content\/uploads\/interpack_01_01_OH.jpg","contentUrl":"https:\/\/www.omstrap.it\/wp-content\/uploads\/interpack_01_01_OH.jpg","width":600,"height":350},{"@type":"BreadcrumbList","@id":"https:\/\/www.omstrap.it\/de\/dusseldorf-interpack-2\/#breadcrumb","itemListElement":[{"@type":"ListItem","position":1,"name":"Home","item":"https:\/\/www.omstrap.it\/"},{"@type":"ListItem","position":2,"name":"Dusseldorf &#8211; Interpack"}]},{"@type":"WebSite","@id":"https:\/\/www.omstrap.it\/#website","url":"https:\/\/www.omstrap.it\/","name":"OMS Trap","description":"","potentialAction":[{"@type":"SearchAction","target":{"@type":"EntryPoint","urlTemplate":"https:\/\/www.omstrap.it\/?s={search_term_string}"},"query-input":{"@type":"PropertyValueSpecification","valueRequired":true,"valueName":"search_term_string"}}],"inLanguage":"de"},{"@type":"Person","@id":"https:\/\/www.omstrap.it\/#\/schema\/person\/13e542fbf9e471fbc40a9a490ed2849c","name":"colorart"}]}},"_links":{"self":[{"href":"https:\/\/www.omstrap.it\/de\/wp-json\/wp\/v2\/posts\/824","targetHints":{"allow":["GET"]}}],"collection":[{"href":"https:\/\/www.omstrap.it\/de\/wp-json\/wp\/v2\/posts"}],"about":[{"href":"https:\/\/www.omstrap.it\/de\/wp-json\/wp\/v2\/types\/post"}],"author":[{"embeddable":true,"href":"https:\/\/www.omstrap.it\/de\/wp-json\/wp\/v2\/users\/4"}],"replies":[{"embeddable":true,"href":"https:\/\/www.omstrap.it\/de\/wp-json\/wp\/v2\/comments?post=824"}],"version-history":[{"count":1,"href":"https:\/\/www.omstrap.it\/de\/wp-json\/wp\/v2\/posts\/824\/revisions"}],"predecessor-version":[{"id":825,"href":"https:\/\/www.omstrap.it\/de\/wp-json\/wp\/v2\/posts\/824\/revisions\/825"}],"wp:featuredmedia":[{"embeddable":true,"href":"https:\/\/www.omstrap.it\/de\/wp-json\/wp\/v2\/media\/1130"}],"wp:attachment":[{"href":"https:\/\/www.omstrap.it\/de\/wp-json\/wp\/v2\/media?parent=824"}],"wp:term":[{"taxonomy":"category","embeddable":true,"href":"https:\/\/www.omstrap.it\/de\/wp-json\/wp\/v2\/categories?post=824"},{"taxonomy":"post_tag","embeddable":true,"href":"https:\/\/www.omstrap.it\/de\/wp-json\/wp\/v2\/tags?post=824"}],"curies":[{"name":"wp","href":"https:\/\/api.w.org\/{rel}","templated":true}]}}